{"id":18499,"date":"2019-12-04T17:39:03","date_gmt":"2019-12-04T17:39:03","guid":{"rendered":"https:\/\/www.varvaglione.net\/?p=18499"},"modified":"2019-12-04T17:42:52","modified_gmt":"2019-12-04T17:42:52","slug":"marzia-varvaglione","status":"publish","type":"post","link":"https:\/\/www.varvaglione.net\/en\/marzia-varvaglione\/","title":{"rendered":"L\u2019Assemblea nazionale di AGIVI  ha eletto il nuovo Consiglio Marzia Varvaglione eletta alla carica di vice presidente nazionale"},"content":{"rendered":"<p><\/p>\n<p style=\"text-align: center;\" align=\"JUSTIFY\"><em>Marzia Varvaglione eletta alla carica di vice presidente nazionale<\/em><br \/>\nUna pugliese ai vertici dei Giovani Viticoltori Italiani<\/p>\n<p style=\"text-align: justify;\" align=\"JUSTIFY\">Taranto, 4 dicembre 2019 &#8211; E\u2019 stato il Piemonte ad ospitare le elezioni del nuovo Consiglio di amministrazione di AGIVI, l\u2019Associazione Giovani Imprenditori Vinicoli Italiani. Per la prima volta nel Cda ci sar\u00e0 una pugliese, Marzia Varvaglione, 30 anni, tarantina, responsabile marketing di Varvaglione1921, l\u2019azienda vitivinicola di famiglia tra le poche centenarie in Puglia.<br \/>\nUn consiglio a trazione femminile, segno che il mondo vitivinicolo non ha preclusioni di genere e che nel passaggio generazionale ai vertici delle aziende come delle associazioni resta solido il valore delle capacit\u00e0 professionali. Marzia, dopo aver conseguito una laurea in Economia a Milano, ha perfezionato i suoi studi tra Losanna e Londra, accumulando esperienze professionali anche negli USA. Promessa della Pallacanestro, ha militato anche in Serie A, ha scelto di dedicare la sua vita al vino, proseguendo una tradizione e soprattutto una storia di famiglia. Oggi si occupa dei mercati esteri per l\u2019azienda guidata dal pap\u00e0 Cosimo e si impegna attivamente in Agivi condividendo con la neo eletta presidente, la toscana Violante Gardini, e con l\u2019altro vicepresidente Enrico\u00a0Gobino, obiettivi e vision che mettono al centro l\u2019attitudine al lavoro di squadra e lo sviluppo delle conoscenze.<br \/>\n\u00abNon posso nascondere la grande gioia nell\u2019essere stata chiamata a rivestire un ruolo cos\u00ec impegnativo \u2013 commenta Marzia Varvaglione \u2013 che vivo con un forte senso di responsabilit\u00e0, conscia del bisogno di puntare anche in Italia su una formazione e conoscenza del mondo del vino che partano dai concetti di rinnovamento e sostenibilit\u00e0. Questa \u00e8 una bellissima opportunit\u00e0 per me ma anche per la mia terra che rappresento con orgoglio all\u2019interno di un Consiglio di amministrazione variegato che si confronter\u00e0 con il mondo esterno e con i vertici nazionale dell\u2019Unione italiana vini\u00bb.<\/p>\n<p><\/p>","protected":false},"excerpt":{"rendered":"<p>Marzia Varvaglione eletta alla carica di vice presidente nazionale Una pugliese ai vertici dei Giovani Viticoltori Italiani Taranto, 4 dicembre&#8230;<\/p>\n","protected":false},"author":1,"featured_media":18502,"comment_status":"closed","ping_status":"closed","sticky":false,"template":"","format":"standard","meta":{"footnotes":""},"categories":[127],"tags":[416],"yoast_head":"<!-- This site is optimized with the Yoast SEO plugin v22.7 - https:\/\/yoast.com\/wordpress\/plugins\/seo\/ -->\n<title>Marzia Varvaglione<\/title>\n<meta name=\"description\" content=\"L\u2019Assemblea nazionale di AGIVI ha eletto il nuovo Consiglio Marzia Varvaglione eletta alla carica di vice presidente nazionale\" \/>\n<meta name=\"robots\" content=\"noindex, follow, max-snippet:-1, max-image-preview:large, max-video-preview:-1\" \/>\n<meta property=\"og:locale\" content=\"en_US\" \/>\n<meta property=\"og:type\" content=\"article\" \/>\n<meta property=\"og:title\" content=\"Marzia Varvaglione\" \/>\n<meta property=\"og:description\" content=\"L\u2019Assemblea nazionale di AGIVI ha eletto il nuovo Consiglio Marzia Varvaglione eletta alla carica di vice presidente nazionale\" \/>\n<meta property=\"og:url\" content=\"https:\/\/www.varvaglione.net\/marzia-varvaglione\/\" \/>\n<meta property=\"og:site_name\" content=\"Varvaglione\" \/>\n<meta property=\"article:publisher\" content=\"https:\/\/www.facebook.com\/Varvaglione\/\" \/>\n<meta property=\"article:published_time\" content=\"2019-12-04T17:39:03+00:00\" \/>\n<meta property=\"article:modified_time\" content=\"2019-12-04T17:42:52+00:00\" \/>\n<meta property=\"og:image\" content=\"https:\/\/www.varvaglione.net\/wp-content\/uploads\/2019\/12\/Senza-titolo-1-1.jpg\" \/>\n\t<meta property=\"og:image:width\" content=\"854\" \/>\n\t<meta property=\"og:image:height\" content=\"406\" \/>\n\t<meta property=\"og:image:type\" content=\"image\/jpeg\" \/>\n<meta name=\"author\" content=\"webadimark\" \/>\n<meta name=\"twitter:card\" content=\"summary_large_image\" \/>\n<meta name=\"twitter:creator\" content=\"@varvaglione\" \/>\n<meta name=\"twitter:site\" content=\"@varvaglione\" \/>\n<meta name=\"twitter:label1\" content=\"Written by\" \/>\n\t<meta name=\"twitter:data1\" content=\"webadimark\" \/>\n\t<meta name=\"twitter:label2\" content=\"Est. reading time\" \/>\n\t<meta name=\"twitter:data2\" content=\"3 minutes\" \/>\n<script type=\"application\/ld+json\" class=\"yoast-schema-graph\">{\"@context\":\"https:\/\/schema.org\",\"@graph\":[{\"@type\":\"WebPage\",\"@id\":\"https:\/\/www.varvaglione.net\/marzia-varvaglione\/\",\"url\":\"https:\/\/www.varvaglione.net\/marzia-varvaglione\/\",\"name\":\"Marzia Varvaglione\",\"isPartOf\":{\"@id\":\"https:\/\/www.varvaglione.net\/#website\"},\"primaryImageOfPage\":{\"@id\":\"https:\/\/www.varvaglione.net\/marzia-varvaglione\/#primaryimage\"},\"image\":{\"@id\":\"https:\/\/www.varvaglione.net\/marzia-varvaglione\/#primaryimage\"},\"thumbnailUrl\":\"https:\/\/www.varvaglione.net\/wp-content\/uploads\/2019\/12\/Senza-titolo-1-1.jpg\",\"datePublished\":\"2019-12-04T17:39:03+00:00\",\"dateModified\":\"2019-12-04T17:42:52+00:00\",\"author\":{\"@id\":\"https:\/\/www.varvaglione.net\/#\/schema\/person\/e236260a3a5b90871a8c852f4c8c5251\"},\"description\":\"L\u2019Assemblea nazionale di AGIVI ha eletto il nuovo Consiglio Marzia Varvaglione eletta alla carica di vice presidente nazionale\",\"breadcrumb\":{\"@id\":\"https:\/\/www.varvaglione.net\/marzia-varvaglione\/#breadcrumb\"},\"inLanguage\":\"en-US\",\"potentialAction\":[{\"@type\":\"ReadAction\",\"target\":[\"https:\/\/www.varvaglione.net\/marzia-varvaglione\/\"]}]},{\"@type\":\"ImageObject\",\"inLanguage\":\"en-US\",\"@id\":\"https:\/\/www.varvaglione.net\/marzia-varvaglione\/#primaryimage\",\"url\":\"https:\/\/www.varvaglione.net\/wp-content\/uploads\/2019\/12\/Senza-titolo-1-1.jpg\",\"contentUrl\":\"https:\/\/www.varvaglione.net\/wp-content\/uploads\/2019\/12\/Senza-titolo-1-1.jpg\",\"width\":854,\"height\":406},{\"@type\":\"BreadcrumbList\",\"@id\":\"https:\/\/www.varvaglione.net\/marzia-varvaglione\/#breadcrumb\",\"itemListElement\":[{\"@type\":\"ListItem\",\"position\":1,\"name\":\"Home\",\"item\":\"https:\/\/www.varvaglione.net\/\"},{\"@type\":\"ListItem\",\"position\":2,\"name\":\"L\u2019Assemblea nazionale di AGIVI ha eletto il nuovo Consiglio: Marzia Varvaglione eletta alla carica di vice presidente nazionale\"}]},{\"@type\":\"WebSite\",\"@id\":\"https:\/\/www.varvaglione.net\/#website\",\"url\":\"https:\/\/www.varvaglione.net\/\",\"name\":\"Varvaglione\",\"description\":\"Varvaglione\",\"potentialAction\":[{\"@type\":\"SearchAction\",\"target\":{\"@type\":\"EntryPoint\",\"urlTemplate\":\"https:\/\/www.varvaglione.net\/?s={search_term_string}\"},\"query-input\":\"required name=search_term_string\"}],\"inLanguage\":\"en-US\"},{\"@type\":\"Person\",\"@id\":\"https:\/\/www.varvaglione.net\/#\/schema\/person\/e236260a3a5b90871a8c852f4c8c5251\",\"name\":\"webadimark\",\"image\":{\"@type\":\"ImageObject\",\"inLanguage\":\"en-US\",\"@id\":\"https:\/\/www.varvaglione.net\/#\/schema\/person\/image\/\",\"url\":\"https:\/\/secure.gravatar.com\/avatar\/fa607a4f7342151d5bb113e330c8a99a?s=96&d=mm&r=g\",\"contentUrl\":\"https:\/\/secure.gravatar.com\/avatar\/fa607a4f7342151d5bb113e330c8a99a?s=96&d=mm&r=g\",\"caption\":\"webadimark\"},\"url\":\"https:\/\/www.varvaglione.net\/en\/author\/webadimark\/\"}]}<\/script>\n<!-- \/ Yoast SEO plugin. -->","yoast_head_json":{"title":"Marzia Varvaglione","description":"L\u2019Assemblea nazionale di AGIVI ha eletto il nuovo Consiglio Marzia Varvaglione eletta alla carica di vice presidente nazionale","robots":{"index":"noindex","follow":"follow","max-snippet":"max-snippet:-1","max-image-preview":"max-image-preview:large","max-video-preview":"max-video-preview:-1"},"og_locale":"en_US","og_type":"article","og_title":"Marzia Varvaglione","og_description":"L\u2019Assemblea nazionale di AGIVI ha eletto il nuovo Consiglio Marzia Varvaglione eletta alla carica di vice presidente nazionale","og_url":"https:\/\/www.varvaglione.net\/marzia-varvaglione\/","og_site_name":"Varvaglione","article_publisher":"https:\/\/www.facebook.com\/Varvaglione\/","article_published_time":"2019-12-04T17:39:03+00:00","article_modified_time":"2019-12-04T17:42:52+00:00","og_image":[{"width":854,"height":406,"url":"https:\/\/www.varvaglione.net\/wp-content\/uploads\/2019\/12\/Senza-titolo-1-1.jpg","type":"image\/jpeg"}],"author":"webadimark","twitter_card":"summary_large_image","twitter_creator":"@varvaglione","twitter_site":"@varvaglione","twitter_misc":{"Written by":"webadimark","Est. reading time":"3 minutes"},"schema":{"@context":"https:\/\/schema.org","@graph":[{"@type":"WebPage","@id":"https:\/\/www.varvaglione.net\/marzia-varvaglione\/","url":"https:\/\/www.varvaglione.net\/marzia-varvaglione\/","name":"Marzia Varvaglione","isPartOf":{"@id":"https:\/\/www.varvaglione.net\/#website"},"primaryImageOfPage":{"@id":"https:\/\/www.varvaglione.net\/marzia-varvaglione\/#primaryimage"},"image":{"@id":"https:\/\/www.varvaglione.net\/marzia-varvaglione\/#primaryimage"},"thumbnailUrl":"https:\/\/www.varvaglione.net\/wp-content\/uploads\/2019\/12\/Senza-titolo-1-1.jpg","datePublished":"2019-12-04T17:39:03+00:00","dateModified":"2019-12-04T17:42:52+00:00","author":{"@id":"https:\/\/www.varvaglione.net\/#\/schema\/person\/e236260a3a5b90871a8c852f4c8c5251"},"description":"L\u2019Assemblea nazionale di AGIVI ha eletto il nuovo Consiglio Marzia Varvaglione eletta alla carica di vice presidente nazionale","breadcrumb":{"@id":"https:\/\/www.varvaglione.net\/marzia-varvaglione\/#breadcrumb"},"inLanguage":"en-US","potentialAction":[{"@type":"ReadAction","target":["https:\/\/www.varvaglione.net\/marzia-varvaglione\/"]}]},{"@type":"ImageObject","inLanguage":"en-US","@id":"https:\/\/www.varvaglione.net\/marzia-varvaglione\/#primaryimage","url":"https:\/\/www.varvaglione.net\/wp-content\/uploads\/2019\/12\/Senza-titolo-1-1.jpg","contentUrl":"https:\/\/www.varvaglione.net\/wp-content\/uploads\/2019\/12\/Senza-titolo-1-1.jpg","width":854,"height":406},{"@type":"BreadcrumbList","@id":"https:\/\/www.varvaglione.net\/marzia-varvaglione\/#breadcrumb","itemListElement":[{"@type":"ListItem","position":1,"name":"Home","item":"https:\/\/www.varvaglione.net\/"},{"@type":"ListItem","position":2,"name":"L\u2019Assemblea nazionale di AGIVI ha eletto il nuovo Consiglio: Marzia Varvaglione eletta alla carica di vice presidente nazionale"}]},{"@type":"WebSite","@id":"https:\/\/www.varvaglione.net\/#website","url":"https:\/\/www.varvaglione.net\/","name":"Varvaglione","description":"Varvaglione","potentialAction":[{"@type":"SearchAction","target":{"@type":"EntryPoint","urlTemplate":"https:\/\/www.varvaglione.net\/?s={search_term_string}"},"query-input":"required name=search_term_string"}],"inLanguage":"en-US"},{"@type":"Person","@id":"https:\/\/www.varvaglione.net\/#\/schema\/person\/e236260a3a5b90871a8c852f4c8c5251","name":"webadimark","image":{"@type":"ImageObject","inLanguage":"en-US","@id":"https:\/\/www.varvaglione.net\/#\/schema\/person\/image\/","url":"https:\/\/secure.gravatar.com\/avatar\/fa607a4f7342151d5bb113e330c8a99a?s=96&d=mm&r=g","contentUrl":"https:\/\/secure.gravatar.com\/avatar\/fa607a4f7342151d5bb113e330c8a99a?s=96&d=mm&r=g","caption":"webadimark"},"url":"https:\/\/www.varvaglione.net\/en\/author\/webadimark\/"}]}},"_links":{"self":[{"href":"https:\/\/www.varvaglione.net\/en\/wp-json\/wp\/v2\/posts\/18499"}],"collection":[{"href":"https:\/\/www.varvaglione.net\/en\/wp-json\/wp\/v2\/posts"}],"about":[{"href":"https:\/\/www.varvaglione.net\/en\/wp-json\/wp\/v2\/types\/post"}],"author":[{"embeddable":true,"href":"https:\/\/www.varvaglione.net\/en\/wp-json\/wp\/v2\/users\/1"}],"replies":[{"embeddable":true,"href":"https:\/\/www.varvaglione.net\/en\/wp-json\/wp\/v2\/comments?post=18499"}],"version-history":[{"count":3,"href":"https:\/\/www.varvaglione.net\/en\/wp-json\/wp\/v2\/posts\/18499\/revisions"}],"predecessor-version":[{"id":18504,"href":"https:\/\/www.varvaglione.net\/en\/wp-json\/wp\/v2\/posts\/18499\/revisions\/18504"}],"wp:featuredmedia":[{"embeddable":true,"href":"https:\/\/www.varvaglione.net\/en\/wp-json\/wp\/v2\/media\/18502"}],"wp:attachment":[{"href":"https:\/\/www.varvaglione.net\/en\/wp-json\/wp\/v2\/media?parent=18499"}],"wp:term":[{"taxonomy":"category","embeddable":true,"href":"https:\/\/www.varvaglione.net\/en\/wp-json\/wp\/v2\/categories?post=18499"},{"taxonomy":"post_tag","embeddable":true,"href":"https:\/\/www.varvaglione.net\/en\/wp-json\/wp\/v2\/tags?post=18499"}],"curies":[{"name":"wp","href":"https:\/\/api.w.org\/{rel}","templated":true}]}}