{"id":5867,"date":"2016-06-03T15:49:44","date_gmt":"2016-06-03T13:49:44","guid":{"rendered":"http:\/\/www.vigneevini.eu\/?p=5867"},"modified":"2016-10-12T07:28:13","modified_gmt":"2016-10-12T07:28:13","slug":"rosexpo","status":"publish","type":"post","link":"https:\/\/www.varvaglione.net\/en\/rosexpo\/","title":{"rendered":"3rd Edition of Ros\u00e9xpo, the International Ros\u00e8 Wines Exhibition"},"content":{"rendered":"<p><\/p>\n<p style=\"text-align: justify;\"><span style=\"color: #000000;\">One of the most important events that joins Apulia with the ros\u00e9 wine world will be in Lecce. It is the 2016 Ros\u00e9xpo, the <strong>International Ros\u00e9 Wines Exhibition<\/strong>\u201d organized by \u201cdeGusto Salento\u201d \u2013 the <strong><a href=\"https:\/\/it.wikipedia.org\/wiki\/Negroamaro\">Negroamaro<\/a> producers association<\/strong> \u2013 with the support of the Municipality of Lecce and the collaboration of \u201cRadici del Sud\u201d, one of the most dynamic institutions to promote the wine and food knowledge.<\/span><\/p>\n<p style=\"text-align: justify;\"><!--more--><\/p>\n<p style=\"text-align: justify;\"><span style=\"color: #000000;\">Ros\u00e9xpo is also the place where culture welcomes its audience with lights, sounds, books, aperitifs and gourmet suggestions, in a context with more than 150 Italian references to taste and 46 foreign ones coming from 14 different areas. Masterclasses, tastings, seminars for wine lovers and experts have been scheduled for this event, as well as the best selection of ros\u00e9 wines by Varvaglione.<\/span><\/p>\n<p style=\"text-align: justify;\"><span style=\"color: #000000;\">VARVAGLIONE looks forward to meeting all of you at the 3rd edition of ROS\u00c9XPO on 3rd-5th June 2016 in the wonderful Carlo V Castle in Lecce.<\/span><\/p>\n<p style=\"text-align: justify;\"><span style=\"color: #000000;\">For further details about the program, you can visit the official website\u00a0www.rosexpo.it.<\/span><\/p>\n<p><\/p>","protected":false},"excerpt":{"rendered":"<p>Sorry, this entry is only available in Italiano.<\/p>\n","protected":false},"author":1,"featured_media":5862,"comment_status":"open","ping_status":"open","sticky":false,"template":"","format":"standard","meta":{"footnotes":""},"categories":[208],"tags":[221,201,198,256],"yoast_head":"<!-- This site is optimized with the Yoast SEO plugin v22.7 - https:\/\/yoast.com\/wordpress\/plugins\/seo\/ -->\n<title>Ros\u00e9xpo, Salone Internazionale dei Vini Rosati<\/title>\n<meta name=\"description\" content=\"Ros\u00e9xpo 2016, il \u201cSalone Internazionale dei Vini Rosati\u201d organizzato da \u201cdeGusto Salento\u201d - associazione produttori del Negroamaro\" \/>\n<meta name=\"robots\" content=\"noindex, follow, max-snippet:-1, max-image-preview:large, max-video-preview:-1\" \/>\n<meta property=\"og:locale\" content=\"en_US\" \/>\n<meta property=\"og:type\" content=\"article\" \/>\n<meta property=\"og:title\" content=\"Ros\u00e9xpo, Salone Internazionale dei Vini Rosati\" \/>\n<meta property=\"og:description\" content=\"Ros\u00e9xpo 2016, il \u201cSalone Internazionale dei Vini Rosati\u201d organizzato da \u201cdeGusto Salento\u201d - associazione produttori del Negroamaro\" \/>\n<meta property=\"og:url\" content=\"https:\/\/www.varvaglione.net\/en\/rosexpo\/\" \/>\n<meta property=\"og:site_name\" content=\"Varvaglione\" \/>\n<meta property=\"article:publisher\" content=\"https:\/\/www.facebook.com\/Varvaglione\/\" \/>\n<meta property=\"article:published_time\" content=\"2016-06-03T13:49:44+00:00\" \/>\n<meta property=\"article:modified_time\" content=\"2016-10-12T07:28:13+00:00\" \/>\n<meta property=\"og:image\" content=\"https:\/\/www.varvaglione.net\/wp-content\/uploads\/2016\/06\/defintivoroseexpo.png\" \/>\n\t<meta property=\"og:image:width\" content=\"855\" \/>\n\t<meta property=\"og:image:height\" content=\"407\" \/>\n\t<meta property=\"og:image:type\" content=\"image\/png\" \/>\n<meta name=\"author\" content=\"webadimark\" \/>\n<meta name=\"twitter:card\" content=\"summary_large_image\" \/>\n<meta name=\"twitter:creator\" content=\"@varvaglione\" \/>\n<meta name=\"twitter:site\" content=\"@varvaglione\" \/>\n<meta name=\"twitter:label1\" content=\"Written by\" \/>\n\t<meta name=\"twitter:data1\" content=\"webadimark\" \/>\n\t<meta name=\"twitter:label2\" content=\"Est. reading time\" \/>\n\t<meta name=\"twitter:data2\" content=\"2 minutes\" \/>\n<script type=\"application\/ld+json\" class=\"yoast-schema-graph\">{\"@context\":\"https:\/\/schema.org\",\"@graph\":[{\"@type\":\"WebPage\",\"@id\":\"https:\/\/www.varvaglione.net\/en\/rosexpo\/\",\"url\":\"https:\/\/www.varvaglione.net\/en\/rosexpo\/\",\"name\":\"Ros\u00e9xpo, Salone Internazionale dei Vini Rosati\",\"isPartOf\":{\"@id\":\"https:\/\/www.varvaglione.net\/#website\"},\"primaryImageOfPage\":{\"@id\":\"https:\/\/www.varvaglione.net\/en\/rosexpo\/#primaryimage\"},\"image\":{\"@id\":\"https:\/\/www.varvaglione.net\/en\/rosexpo\/#primaryimage\"},\"thumbnailUrl\":\"https:\/\/www.varvaglione.net\/wp-content\/uploads\/2016\/06\/defintivoroseexpo.png\",\"datePublished\":\"2016-06-03T13:49:44+00:00\",\"dateModified\":\"2016-10-12T07:28:13+00:00\",\"author\":{\"@id\":\"https:\/\/www.varvaglione.net\/#\/schema\/person\/e236260a3a5b90871a8c852f4c8c5251\"},\"description\":\"Ros\u00e9xpo 2016, il \u201cSalone Internazionale dei Vini Rosati\u201d organizzato da \u201cdeGusto Salento\u201d - associazione produttori del Negroamaro\",\"breadcrumb\":{\"@id\":\"https:\/\/www.varvaglione.net\/en\/rosexpo\/#breadcrumb\"},\"inLanguage\":\"en-US\",\"potentialAction\":[{\"@type\":\"ReadAction\",\"target\":[\"https:\/\/www.varvaglione.net\/en\/rosexpo\/\"]}]},{\"@type\":\"ImageObject\",\"inLanguage\":\"en-US\",\"@id\":\"https:\/\/www.varvaglione.net\/en\/rosexpo\/#primaryimage\",\"url\":\"https:\/\/www.varvaglione.net\/wp-content\/uploads\/2016\/06\/defintivoroseexpo.png\",\"contentUrl\":\"https:\/\/www.varvaglione.net\/wp-content\/uploads\/2016\/06\/defintivoroseexpo.png\",\"width\":855,\"height\":407,\"caption\":\"rosexpo vini rosati\"},{\"@type\":\"BreadcrumbList\",\"@id\":\"https:\/\/www.varvaglione.net\/en\/rosexpo\/#breadcrumb\",\"itemListElement\":[{\"@type\":\"ListItem\",\"position\":1,\"name\":\"Home\",\"item\":\"https:\/\/www.varvaglione.net\/\"},{\"@type\":\"ListItem\",\"position\":2,\"name\":\"III Edizione di Ros\u00e9xpo, Salone Internazionale dei Vini Rosati\"}]},{\"@type\":\"WebSite\",\"@id\":\"https:\/\/www.varvaglione.net\/#website\",\"url\":\"https:\/\/www.varvaglione.net\/\",\"name\":\"Varvaglione\",\"description\":\"Varvaglione\",\"potentialAction\":[{\"@type\":\"SearchAction\",\"target\":{\"@type\":\"EntryPoint\",\"urlTemplate\":\"https:\/\/www.varvaglione.net\/?s={search_term_string}\"},\"query-input\":\"required name=search_term_string\"}],\"inLanguage\":\"en-US\"},{\"@type\":\"Person\",\"@id\":\"https:\/\/www.varvaglione.net\/#\/schema\/person\/e236260a3a5b90871a8c852f4c8c5251\",\"name\":\"webadimark\",\"image\":{\"@type\":\"ImageObject\",\"inLanguage\":\"en-US\",\"@id\":\"https:\/\/www.varvaglione.net\/#\/schema\/person\/image\/\",\"url\":\"https:\/\/secure.gravatar.com\/avatar\/fa607a4f7342151d5bb113e330c8a99a?s=96&d=mm&r=g\",\"contentUrl\":\"https:\/\/secure.gravatar.com\/avatar\/fa607a4f7342151d5bb113e330c8a99a?s=96&d=mm&r=g\",\"caption\":\"webadimark\"},\"url\":\"https:\/\/www.varvaglione.net\/en\/author\/webadimark\/\"}]}<\/script>\n<!-- \/ Yoast SEO plugin. -->","yoast_head_json":{"title":"Ros\u00e9xpo, Salone Internazionale dei Vini Rosati","description":"Ros\u00e9xpo 2016, il \u201cSalone Internazionale dei Vini Rosati\u201d organizzato da \u201cdeGusto Salento\u201d - associazione produttori del Negroamaro","robots":{"index":"noindex","follow":"follow","max-snippet":"max-snippet:-1","max-image-preview":"max-image-preview:large","max-video-preview":"max-video-preview:-1"},"og_locale":"en_US","og_type":"article","og_title":"Ros\u00e9xpo, Salone Internazionale dei Vini Rosati","og_description":"Ros\u00e9xpo 2016, il \u201cSalone Internazionale dei Vini Rosati\u201d organizzato da \u201cdeGusto Salento\u201d - associazione produttori del Negroamaro","og_url":"https:\/\/www.varvaglione.net\/en\/rosexpo\/","og_site_name":"Varvaglione","article_publisher":"https:\/\/www.facebook.com\/Varvaglione\/","article_published_time":"2016-06-03T13:49:44+00:00","article_modified_time":"2016-10-12T07:28:13+00:00","og_image":[{"width":855,"height":407,"url":"https:\/\/www.varvaglione.net\/wp-content\/uploads\/2016\/06\/defintivoroseexpo.png","type":"image\/png"}],"author":"webadimark","twitter_card":"summary_large_image","twitter_creator":"@varvaglione","twitter_site":"@varvaglione","twitter_misc":{"Written by":"webadimark","Est. reading time":"2 minutes"},"schema":{"@context":"https:\/\/schema.org","@graph":[{"@type":"WebPage","@id":"https:\/\/www.varvaglione.net\/en\/rosexpo\/","url":"https:\/\/www.varvaglione.net\/en\/rosexpo\/","name":"Ros\u00e9xpo, Salone Internazionale dei Vini Rosati","isPartOf":{"@id":"https:\/\/www.varvaglione.net\/#website"},"primaryImageOfPage":{"@id":"https:\/\/www.varvaglione.net\/en\/rosexpo\/#primaryimage"},"image":{"@id":"https:\/\/www.varvaglione.net\/en\/rosexpo\/#primaryimage"},"thumbnailUrl":"https:\/\/www.varvaglione.net\/wp-content\/uploads\/2016\/06\/defintivoroseexpo.png","datePublished":"2016-06-03T13:49:44+00:00","dateModified":"2016-10-12T07:28:13+00:00","author":{"@id":"https:\/\/www.varvaglione.net\/#\/schema\/person\/e236260a3a5b90871a8c852f4c8c5251"},"description":"Ros\u00e9xpo 2016, il \u201cSalone Internazionale dei Vini Rosati\u201d organizzato da \u201cdeGusto Salento\u201d - associazione produttori del Negroamaro","breadcrumb":{"@id":"https:\/\/www.varvaglione.net\/en\/rosexpo\/#breadcrumb"},"inLanguage":"en-US","potentialAction":[{"@type":"ReadAction","target":["https:\/\/www.varvaglione.net\/en\/rosexpo\/"]}]},{"@type":"ImageObject","inLanguage":"en-US","@id":"https:\/\/www.varvaglione.net\/en\/rosexpo\/#primaryimage","url":"https:\/\/www.varvaglione.net\/wp-content\/uploads\/2016\/06\/defintivoroseexpo.png","contentUrl":"https:\/\/www.varvaglione.net\/wp-content\/uploads\/2016\/06\/defintivoroseexpo.png","width":855,"height":407,"caption":"rosexpo vini rosati"},{"@type":"BreadcrumbList","@id":"https:\/\/www.varvaglione.net\/en\/rosexpo\/#breadcrumb","itemListElement":[{"@type":"ListItem","position":1,"name":"Home","item":"https:\/\/www.varvaglione.net\/"},{"@type":"ListItem","position":2,"name":"III Edizione di Ros\u00e9xpo, Salone Internazionale dei Vini Rosati"}]},{"@type":"WebSite","@id":"https:\/\/www.varvaglione.net\/#website","url":"https:\/\/www.varvaglione.net\/","name":"Varvaglione","description":"Varvaglione","potentialAction":[{"@type":"SearchAction","target":{"@type":"EntryPoint","urlTemplate":"https:\/\/www.varvaglione.net\/?s={search_term_string}"},"query-input":"required name=search_term_string"}],"inLanguage":"en-US"},{"@type":"Person","@id":"https:\/\/www.varvaglione.net\/#\/schema\/person\/e236260a3a5b90871a8c852f4c8c5251","name":"webadimark","image":{"@type":"ImageObject","inLanguage":"en-US","@id":"https:\/\/www.varvaglione.net\/#\/schema\/person\/image\/","url":"https:\/\/secure.gravatar.com\/avatar\/fa607a4f7342151d5bb113e330c8a99a?s=96&d=mm&r=g","contentUrl":"https:\/\/secure.gravatar.com\/avatar\/fa607a4f7342151d5bb113e330c8a99a?s=96&d=mm&r=g","caption":"webadimark"},"url":"https:\/\/www.varvaglione.net\/en\/author\/webadimark\/"}]}},"_links":{"self":[{"href":"https:\/\/www.varvaglione.net\/en\/wp-json\/wp\/v2\/posts\/5867"}],"collection":[{"href":"https:\/\/www.varvaglione.net\/en\/wp-json\/wp\/v2\/posts"}],"about":[{"href":"https:\/\/www.varvaglione.net\/en\/wp-json\/wp\/v2\/types\/post"}],"author":[{"embeddable":true,"href":"https:\/\/www.varvaglione.net\/en\/wp-json\/wp\/v2\/users\/1"}],"replies":[{"embeddable":true,"href":"https:\/\/www.varvaglione.net\/en\/wp-json\/wp\/v2\/comments?post=5867"}],"version-history":[{"count":0,"href":"https:\/\/www.varvaglione.net\/en\/wp-json\/wp\/v2\/posts\/5867\/revisions"}],"wp:featuredmedia":[{"embeddable":true,"href":"https:\/\/www.varvaglione.net\/en\/wp-json\/wp\/v2\/media\/5862"}],"wp:attachment":[{"href":"https:\/\/www.varvaglione.net\/en\/wp-json\/wp\/v2\/media?parent=5867"}],"wp:term":[{"taxonomy":"category","embeddable":true,"href":"https:\/\/www.varvaglione.net\/en\/wp-json\/wp\/v2\/categories?post=5867"},{"taxonomy":"post_tag","embeddable":true,"href":"https:\/\/www.varvaglione.net\/en\/wp-json\/wp\/v2\/tags?post=5867"}],"curies":[{"name":"wp","href":"https:\/\/api.w.org\/{rel}","templated":true}]}}