{"id":5881,"date":"2016-06-07T18:29:46","date_gmt":"2016-06-07T16:29:46","guid":{"rendered":"http:\/\/www.vigneevini.eu\/?p=5881"},"modified":"2016-10-12T07:26:15","modified_gmt":"2016-10-12T07:26:15","slug":"vinoforum","status":"publish","type":"post","link":"https:\/\/www.varvaglione.net\/en\/vinoforum\/","title":{"rendered":"Varvaglione at the 13th edition of Vin\u00f2forum"},"content":{"rendered":"<p><\/p>\n<p style=\"text-align: justify;\"><span style=\"color: #000000;\">The 13th edition of <strong>Vin\u00f2forum<\/strong> is taking place on 10th-19th June 2016 and Varvaglione is happy to confirm its participation.<\/span><\/p>\n<p style=\"text-align: justify;\"><!--more--><\/p>\n<p style=\"text-align: justify;\"><span style=\"color: #000000;\">With its previous successful 12 editions, the 2016 Vin\u00f2forum will be an event addressed to wine lovers, as well as to all those who want to spend ten days and nights dedicated to the good drinking and the Roman-oriented life.<\/span><\/p>\n<p style=\"text-align: justify;\"><span style=\"color: #000000;\">This edition of Vin\u00f2forum is assumed to be rich of surprises, events and news; lots of visitors are expected every day and a variety of booths and awarded chefs are taking part to this event.<\/span><\/p>\n<p style=\"text-align: justify;\"><span style=\"color: #000000;\">Figures about participants are amazing: 500 wineries, 2,500 different labels, 20 temporary restaurants, 10 awarded chefs and 10 master pizza makers. Restaurants prepared for this event are presenting ad hoc menus every day, including the prestigious wines from the participating wineries. Among them, the famous wines by Varvaglione will include the \u201c12 e mezzo\u201d line. Vin\u00f2forum will be open from Thursday to Sunday from 7:00 p.m. &#8211; 0:00 a.m. and on Friday and Saturday it will be open until 1:00 a.m.<\/span><br \/>\n<span style=\"color: #000000;\">At this event you can taste special dishes and wines at the enchanting Lungotevere Maresciallo Diaz, a magical atmosphere surrounding the opening edition of the 2016 Vin\u00f2forum.<\/span><\/p>\n<p style=\"text-align: justify;\"><span style=\"color: #000000;\">Varvaglione looks forward to meeting all of you in <a href=\"https:\/\/it.wikipedia.org\/wiki\/Roma\">Rome<\/a> at the Enogeo Agency booth.\u00a0<\/span><\/p>\n<p style=\"text-align: justify;\"><span style=\"color: #000000;\">For further details about the programme, please visit the official website:\u00a0www.vinoforum.it<\/span><\/p>\n<p><\/p>","protected":false},"excerpt":{"rendered":"<p>Sorry, this entry is only available in Italiano.<\/p>\n","protected":false},"author":1,"featured_media":5883,"comment_status":"open","ping_status":"open","sticky":false,"template":"","format":"standard","meta":{"footnotes":""},"categories":[208],"tags":[198,139],"yoast_head":"<!-- This site is optimized with the Yoast SEO plugin v22.7 - https:\/\/yoast.com\/wordpress\/plugins\/seo\/ -->\n<title>Vin\u00f2forum alla sua XIII edizione con Varvaglione<\/title>\n<meta name=\"description\" content=\"Vin\u00f2forum Roma nella sua XIII edizione dal 10 al 19 Giugno 2016 e Varvaglione \u00e8 lieta di riconfermare la sua partecipazione.\" \/>\n<meta name=\"robots\" content=\"noindex, follow, max-snippet:-1, max-image-preview:large, max-video-preview:-1\" \/>\n<meta property=\"og:locale\" content=\"en_US\" \/>\n<meta property=\"og:type\" content=\"article\" \/>\n<meta property=\"og:title\" content=\"Vin\u00f2forum alla sua XIII edizione con Varvaglione\" \/>\n<meta property=\"og:description\" content=\"Vin\u00f2forum Roma nella sua XIII edizione dal 10 al 19 Giugno 2016 e Varvaglione \u00e8 lieta di riconfermare la sua partecipazione.\" \/>\n<meta property=\"og:url\" content=\"https:\/\/www.varvaglione.net\/en\/vinoforum\/\" \/>\n<meta property=\"og:site_name\" content=\"Varvaglione\" \/>\n<meta property=\"article:publisher\" content=\"https:\/\/www.facebook.com\/Varvaglione\/\" \/>\n<meta property=\"article:published_time\" content=\"2016-06-07T16:29:46+00:00\" \/>\n<meta property=\"article:modified_time\" content=\"2016-10-12T07:26:15+00:00\" \/>\n<meta property=\"og:image\" content=\"https:\/\/www.varvaglione.net\/wp-content\/uploads\/2016\/06\/definitivovinoforum.png\" \/>\n\t<meta property=\"og:image:width\" content=\"855\" \/>\n\t<meta property=\"og:image:height\" content=\"407\" \/>\n\t<meta property=\"og:image:type\" content=\"image\/png\" \/>\n<meta name=\"author\" content=\"webadimark\" \/>\n<meta name=\"twitter:card\" content=\"summary_large_image\" \/>\n<meta name=\"twitter:creator\" content=\"@varvaglione\" \/>\n<meta name=\"twitter:site\" content=\"@varvaglione\" \/>\n<meta name=\"twitter:label1\" content=\"Written by\" \/>\n\t<meta name=\"twitter:data1\" content=\"webadimark\" \/>\n\t<meta name=\"twitter:label2\" content=\"Est. reading time\" \/>\n\t<meta name=\"twitter:data2\" content=\"2 minutes\" \/>\n<script type=\"application\/ld+json\" class=\"yoast-schema-graph\">{\"@context\":\"https:\/\/schema.org\",\"@graph\":[{\"@type\":\"WebPage\",\"@id\":\"https:\/\/www.varvaglione.net\/en\/vinoforum\/\",\"url\":\"https:\/\/www.varvaglione.net\/en\/vinoforum\/\",\"name\":\"Vin\u00f2forum alla sua XIII edizione con Varvaglione\",\"isPartOf\":{\"@id\":\"https:\/\/www.varvaglione.net\/#website\"},\"primaryImageOfPage\":{\"@id\":\"https:\/\/www.varvaglione.net\/en\/vinoforum\/#primaryimage\"},\"image\":{\"@id\":\"https:\/\/www.varvaglione.net\/en\/vinoforum\/#primaryimage\"},\"thumbnailUrl\":\"https:\/\/www.varvaglione.net\/wp-content\/uploads\/2016\/06\/definitivovinoforum.png\",\"datePublished\":\"2016-06-07T16:29:46+00:00\",\"dateModified\":\"2016-10-12T07:26:15+00:00\",\"author\":{\"@id\":\"https:\/\/www.varvaglione.net\/#\/schema\/person\/e236260a3a5b90871a8c852f4c8c5251\"},\"description\":\"Vin\u00f2forum Roma nella sua XIII edizione dal 10 al 19 Giugno 2016 e Varvaglione \u00e8 lieta di riconfermare la sua partecipazione.\",\"breadcrumb\":{\"@id\":\"https:\/\/www.varvaglione.net\/en\/vinoforum\/#breadcrumb\"},\"inLanguage\":\"en-US\",\"potentialAction\":[{\"@type\":\"ReadAction\",\"target\":[\"https:\/\/www.varvaglione.net\/en\/vinoforum\/\"]}]},{\"@type\":\"ImageObject\",\"inLanguage\":\"en-US\",\"@id\":\"https:\/\/www.varvaglione.net\/en\/vinoforum\/#primaryimage\",\"url\":\"https:\/\/www.varvaglione.net\/wp-content\/uploads\/2016\/06\/definitivovinoforum.png\",\"contentUrl\":\"https:\/\/www.varvaglione.net\/wp-content\/uploads\/2016\/06\/definitivovinoforum.png\",\"width\":855,\"height\":407,\"caption\":\"vinoforum\"},{\"@type\":\"BreadcrumbList\",\"@id\":\"https:\/\/www.varvaglione.net\/en\/vinoforum\/#breadcrumb\",\"itemListElement\":[{\"@type\":\"ListItem\",\"position\":1,\"name\":\"Home\",\"item\":\"https:\/\/www.varvaglione.net\/\"},{\"@type\":\"ListItem\",\"position\":2,\"name\":\"Varvaglione at the 13th edition of Vin\u00f2forum\"}]},{\"@type\":\"WebSite\",\"@id\":\"https:\/\/www.varvaglione.net\/#website\",\"url\":\"https:\/\/www.varvaglione.net\/\",\"name\":\"Varvaglione\",\"description\":\"Varvaglione\",\"potentialAction\":[{\"@type\":\"SearchAction\",\"target\":{\"@type\":\"EntryPoint\",\"urlTemplate\":\"https:\/\/www.varvaglione.net\/?s={search_term_string}\"},\"query-input\":\"required name=search_term_string\"}],\"inLanguage\":\"en-US\"},{\"@type\":\"Person\",\"@id\":\"https:\/\/www.varvaglione.net\/#\/schema\/person\/e236260a3a5b90871a8c852f4c8c5251\",\"name\":\"webadimark\",\"image\":{\"@type\":\"ImageObject\",\"inLanguage\":\"en-US\",\"@id\":\"https:\/\/www.varvaglione.net\/#\/schema\/person\/image\/\",\"url\":\"https:\/\/secure.gravatar.com\/avatar\/fa607a4f7342151d5bb113e330c8a99a?s=96&d=mm&r=g\",\"contentUrl\":\"https:\/\/secure.gravatar.com\/avatar\/fa607a4f7342151d5bb113e330c8a99a?s=96&d=mm&r=g\",\"caption\":\"webadimark\"},\"url\":\"https:\/\/www.varvaglione.net\/en\/author\/webadimark\/\"}]}<\/script>\n<!-- \/ Yoast SEO plugin. -->","yoast_head_json":{"title":"Vin\u00f2forum alla sua XIII edizione con Varvaglione","description":"Vin\u00f2forum Roma nella sua XIII edizione dal 10 al 19 Giugno 2016 e Varvaglione \u00e8 lieta di riconfermare la sua partecipazione.","robots":{"index":"noindex","follow":"follow","max-snippet":"max-snippet:-1","max-image-preview":"max-image-preview:large","max-video-preview":"max-video-preview:-1"},"og_locale":"en_US","og_type":"article","og_title":"Vin\u00f2forum alla sua XIII edizione con Varvaglione","og_description":"Vin\u00f2forum Roma nella sua XIII edizione dal 10 al 19 Giugno 2016 e Varvaglione \u00e8 lieta di riconfermare la sua partecipazione.","og_url":"https:\/\/www.varvaglione.net\/en\/vinoforum\/","og_site_name":"Varvaglione","article_publisher":"https:\/\/www.facebook.com\/Varvaglione\/","article_published_time":"2016-06-07T16:29:46+00:00","article_modified_time":"2016-10-12T07:26:15+00:00","og_image":[{"width":855,"height":407,"url":"https:\/\/www.varvaglione.net\/wp-content\/uploads\/2016\/06\/definitivovinoforum.png","type":"image\/png"}],"author":"webadimark","twitter_card":"summary_large_image","twitter_creator":"@varvaglione","twitter_site":"@varvaglione","twitter_misc":{"Written by":"webadimark","Est. reading time":"2 minutes"},"schema":{"@context":"https:\/\/schema.org","@graph":[{"@type":"WebPage","@id":"https:\/\/www.varvaglione.net\/en\/vinoforum\/","url":"https:\/\/www.varvaglione.net\/en\/vinoforum\/","name":"Vin\u00f2forum alla sua XIII edizione con Varvaglione","isPartOf":{"@id":"https:\/\/www.varvaglione.net\/#website"},"primaryImageOfPage":{"@id":"https:\/\/www.varvaglione.net\/en\/vinoforum\/#primaryimage"},"image":{"@id":"https:\/\/www.varvaglione.net\/en\/vinoforum\/#primaryimage"},"thumbnailUrl":"https:\/\/www.varvaglione.net\/wp-content\/uploads\/2016\/06\/definitivovinoforum.png","datePublished":"2016-06-07T16:29:46+00:00","dateModified":"2016-10-12T07:26:15+00:00","author":{"@id":"https:\/\/www.varvaglione.net\/#\/schema\/person\/e236260a3a5b90871a8c852f4c8c5251"},"description":"Vin\u00f2forum Roma nella sua XIII edizione dal 10 al 19 Giugno 2016 e Varvaglione \u00e8 lieta di riconfermare la sua partecipazione.","breadcrumb":{"@id":"https:\/\/www.varvaglione.net\/en\/vinoforum\/#breadcrumb"},"inLanguage":"en-US","potentialAction":[{"@type":"ReadAction","target":["https:\/\/www.varvaglione.net\/en\/vinoforum\/"]}]},{"@type":"ImageObject","inLanguage":"en-US","@id":"https:\/\/www.varvaglione.net\/en\/vinoforum\/#primaryimage","url":"https:\/\/www.varvaglione.net\/wp-content\/uploads\/2016\/06\/definitivovinoforum.png","contentUrl":"https:\/\/www.varvaglione.net\/wp-content\/uploads\/2016\/06\/definitivovinoforum.png","width":855,"height":407,"caption":"vinoforum"},{"@type":"BreadcrumbList","@id":"https:\/\/www.varvaglione.net\/en\/vinoforum\/#breadcrumb","itemListElement":[{"@type":"ListItem","position":1,"name":"Home","item":"https:\/\/www.varvaglione.net\/"},{"@type":"ListItem","position":2,"name":"Varvaglione at the 13th edition of Vin\u00f2forum"}]},{"@type":"WebSite","@id":"https:\/\/www.varvaglione.net\/#website","url":"https:\/\/www.varvaglione.net\/","name":"Varvaglione","description":"Varvaglione","potentialAction":[{"@type":"SearchAction","target":{"@type":"EntryPoint","urlTemplate":"https:\/\/www.varvaglione.net\/?s={search_term_string}"},"query-input":"required name=search_term_string"}],"inLanguage":"en-US"},{"@type":"Person","@id":"https:\/\/www.varvaglione.net\/#\/schema\/person\/e236260a3a5b90871a8c852f4c8c5251","name":"webadimark","image":{"@type":"ImageObject","inLanguage":"en-US","@id":"https:\/\/www.varvaglione.net\/#\/schema\/person\/image\/","url":"https:\/\/secure.gravatar.com\/avatar\/fa607a4f7342151d5bb113e330c8a99a?s=96&d=mm&r=g","contentUrl":"https:\/\/secure.gravatar.com\/avatar\/fa607a4f7342151d5bb113e330c8a99a?s=96&d=mm&r=g","caption":"webadimark"},"url":"https:\/\/www.varvaglione.net\/en\/author\/webadimark\/"}]}},"_links":{"self":[{"href":"https:\/\/www.varvaglione.net\/en\/wp-json\/wp\/v2\/posts\/5881"}],"collection":[{"href":"https:\/\/www.varvaglione.net\/en\/wp-json\/wp\/v2\/posts"}],"about":[{"href":"https:\/\/www.varvaglione.net\/en\/wp-json\/wp\/v2\/types\/post"}],"author":[{"embeddable":true,"href":"https:\/\/www.varvaglione.net\/en\/wp-json\/wp\/v2\/users\/1"}],"replies":[{"embeddable":true,"href":"https:\/\/www.varvaglione.net\/en\/wp-json\/wp\/v2\/comments?post=5881"}],"version-history":[{"count":0,"href":"https:\/\/www.varvaglione.net\/en\/wp-json\/wp\/v2\/posts\/5881\/revisions"}],"wp:featuredmedia":[{"embeddable":true,"href":"https:\/\/www.varvaglione.net\/en\/wp-json\/wp\/v2\/media\/5883"}],"wp:attachment":[{"href":"https:\/\/www.varvaglione.net\/en\/wp-json\/wp\/v2\/media?parent=5881"}],"wp:term":[{"taxonomy":"category","embeddable":true,"href":"https:\/\/www.varvaglione.net\/en\/wp-json\/wp\/v2\/categories?post=5881"},{"taxonomy":"post_tag","embeddable":true,"href":"https:\/\/www.varvaglione.net\/en\/wp-json\/wp\/v2\/tags?post=5881"}],"curies":[{"name":"wp","href":"https:\/\/api.w.org\/{rel}","templated":true}]}}